{"id":1184,"date":"2025-09-24T22:04:51","date_gmt":"2025-09-25T01:04:51","guid":{"rendered":"https:\/\/lestu.com.br\/projetos\/grafithe\/?p=1184"},"modified":"2025-12-03T15:55:43","modified_gmt":"2025-12-03T18:55:43","slug":"projeto-grafi-the-oficina-graffiti-vale-quem-tem","status":"publish","type":"post","link":"https:\/\/lestu.com.br\/projetos\/grafithe\/projeto-grafi-the-oficina-graffiti-vale-quem-tem\/","title":{"rendered":"Oficina de Graffiti leva arte urbana ao bairro Vale Quem Tem"},"content":{"rendered":"\n<p><strong>Atividade reuniu estudantes do SESI e apresentou t\u00e9cnicas de lettering e stencil em painel coletivo<\/strong><\/p>\n\n\n\n<p>No dia 20 de setembro, o CETI Prof. Ant\u00f4nio Tarciso Pereira e Silva, no bairro Vale Quem Tem, recebeu a segunda oficina de graffiti do Projeto Grafi-The, iniciativa da Editora Lestu aprovada pela Pol\u00edtica Nacional Aldir Blanc (PNAB 2024). A atividade, realizada das 8h \u00e0s 17h, contou com a participa\u00e7\u00e3o dos artistas Eduardo Alem\u00e3o, do coletivo VDC (Vai Dar Certo), e San\u00e1 Costa, ambos com trajet\u00f3ria consolidada na cena urbana piauiense. A oficina reuniu estudantes em um processo formativo que articulou pr\u00e1tica e reflex\u00e3o, reafirmando o compromisso do Grafi-The em integrar arte, educa\u00e7\u00e3o e cidadania cultural. Entre os presentes, destacou-se a participa\u00e7\u00e3o de turmas do SESI, que buscavam compreender o graffiti como recurso para interpretar obras cl\u00e1ssicas da literatura, como <em>Otelo<\/em> e <em>Macbeth<\/em>, de William Shakespeare.<\/p>\n\n\n\n<h3 class=\"wp-block-heading\">Graffiti como exerc\u00edcio de linguagem<\/h3>\n\n\n\n<p>O encontro foi estruturado em din\u00e2micas que privilegiaram o aprendizado progressivo. A primeira etapa consistiu em exerc\u00edcios de <em>lettering<\/em>, estimulando os jovens a criar nomes e assinaturas estilizadas em formato <em>bomb<\/em>, explorando cores, sombreados e tra\u00e7os marcantes com l\u00e1pis de cor e cera. Essa pr\u00e1tica inicial introduziu no\u00e7\u00f5es de estilo pessoal e de identidade, fundamentais para o graffiti. Em seguida, San\u00e1 Costa apresentou as t\u00e9cnicas de <strong>stencil<\/strong>, enfatizando sua aplica\u00e7\u00e3o em grande escala e demonstrando como a repeti\u00e7\u00e3o e a precis\u00e3o s\u00e3o elementos que ampliam a pot\u00eancia visual da obra. A oficina, portanto, aproximou diferentes linguagens \u2014 da literatura cl\u00e1ssica \u00e0s artes visuais contempor\u00e2neas \u2014, mostrando como a juventude pode traduzir refer\u00eancias diversas em c\u00f3digos est\u00e9ticos pr\u00f3prios.<\/p>\n\n\n\n<h3 class=\"wp-block-heading\">Painel coletivo e cidadania cultural<\/h3>\n\n\n\n<p>O momento final da oficina foi dedicado \u00e0 produ\u00e7\u00e3o de um painel coletivo, resultado da soma entre experimenta\u00e7\u00f5es de lettering, aplica\u00e7\u00e3o de stencil e pintura com l\u00e1tex e spray. Sob a orienta\u00e7\u00e3o de San\u00e1 Costa e Eduardo Alem\u00e3o, os estudantes constru\u00edram uma obra que refletia tanto os aspectos t\u00e9cnicos desenvolvidos em aula quanto o potencial do graffiti como ferramenta de express\u00e3o p\u00fablica. O impacto da atividade vai al\u00e9m do resultado art\u00edstico imediato: ao dialogar com Shakespeare por meio da arte urbana, os alunos do SESI e do CETI ressignificaram conte\u00fados escolares e descobriram novas formas de pertencimento cultural. A oficina no bairro Vale Quem Tem reafirma a voca\u00e7\u00e3o do Projeto Grafi-The de documentar, valorizar e estimular a produ\u00e7\u00e3o art\u00edstica local, ampliando o acesso a experi\u00eancias criativas e fortalecendo a cena cultural de Teresina.<\/p>\n\n\n\n<figure class=\"wp-block-gallery has-nested-images columns-default is-cropped wp-block-gallery-1 is-layout-flex wp-block-gallery-is-layout-flex\">\n<figure class=\"wp-block-image size-large\"><img fetchpriority=\"high\" decoding=\"async\" width=\"1440\" height=\"2560\" data-id=\"1192\" src=\"https:\/\/lestu.com.br\/projetos\/grafithe\/wp-content\/uploads\/2025\/09\/IMG_3308-scaled.webp\" alt=\"\" class=\"wp-image-1192\"\/><\/figure>\n\n\n\n<figure class=\"wp-block-image size-large\"><img decoding=\"async\" width=\"1440\" height=\"2560\" data-id=\"1190\" src=\"https:\/\/lestu.com.br\/projetos\/grafithe\/wp-content\/uploads\/2025\/09\/IMG_3314-scaled.webp\" alt=\"\" class=\"wp-image-1190\"\/><\/figure>\n\n\n\n<figure class=\"wp-block-image size-large\"><img decoding=\"async\" width=\"2560\" height=\"1440\" data-id=\"1185\" src=\"https:\/\/lestu.com.br\/projetos\/grafithe\/wp-content\/uploads\/2025\/09\/IMG_3345-scaled.webp\" alt=\"\" class=\"wp-image-1185\"\/><\/figure>\n\n\n\n<figure class=\"wp-block-image size-large\"><img loading=\"lazy\" decoding=\"async\" width=\"2560\" height=\"1440\" data-id=\"1198\" src=\"https:\/\/lestu.com.br\/projetos\/grafithe\/wp-content\/uploads\/2025\/09\/IMG_3356-scaled.webp\" alt=\"\" class=\"wp-image-1198\"\/><\/figure>\n\n\n\n<figure class=\"wp-block-image size-large\"><img loading=\"lazy\" decoding=\"async\" width=\"2560\" height=\"1440\" data-id=\"1194\" src=\"https:\/\/lestu.com.br\/projetos\/grafithe\/wp-content\/uploads\/2025\/09\/IMG_3287-scaled.webp\" alt=\"\" class=\"wp-image-1194\"\/><\/figure>\n\n\n\n<figure class=\"wp-block-image size-large\"><img loading=\"lazy\" decoding=\"async\" width=\"2560\" height=\"1440\" data-id=\"1186\" src=\"https:\/\/lestu.com.br\/projetos\/grafithe\/wp-content\/uploads\/2025\/09\/IMG_3240-scaled.webp\" alt=\"\" class=\"wp-image-1186\"\/><\/figure>\n\n\n\n<figure class=\"wp-block-image size-large\"><img loading=\"lazy\" decoding=\"async\" width=\"2560\" height=\"1440\" data-id=\"1196\" src=\"https:\/\/lestu.com.br\/projetos\/grafithe\/wp-content\/uploads\/2025\/09\/IMG_3248-scaled.webp\" alt=\"\" class=\"wp-image-1196\"\/><\/figure>\n\n\n\n<figure class=\"wp-block-image size-large\"><img loading=\"lazy\" decoding=\"async\" width=\"2560\" height=\"1920\" data-id=\"1189\" src=\"https:\/\/lestu.com.br\/projetos\/grafithe\/wp-content\/uploads\/2025\/09\/IMG_3277-scaled.webp\" alt=\"\" class=\"wp-image-1189\"\/><\/figure>\n\n\n\n<figure class=\"wp-block-image size-large\"><img loading=\"lazy\" decoding=\"async\" width=\"2560\" height=\"1920\" data-id=\"1200\" src=\"https:\/\/lestu.com.br\/projetos\/grafithe\/wp-content\/uploads\/2025\/09\/IMG_3275-scaled.webp\" alt=\"\" class=\"wp-image-1200\"\/><\/figure>\n\n\n\n<figure class=\"wp-block-image size-large\"><img loading=\"lazy\" decoding=\"async\" width=\"2560\" height=\"1440\" data-id=\"1197\" src=\"https:\/\/lestu.com.br\/projetos\/grafithe\/wp-content\/uploads\/2025\/09\/IMG_3386-scaled.webp\" alt=\"\" class=\"wp-image-1197\"\/><\/figure>\n<\/figure>\n\n\n\n<figure class=\"wp-block-gallery has-nested-images columns-default is-cropped wp-block-gallery-2 is-layout-flex wp-block-gallery-is-layout-flex\">\n<figure class=\"wp-block-image size-large\"><img loading=\"lazy\" decoding=\"async\" width=\"2560\" height=\"1440\" data-id=\"1204\" src=\"https:\/\/lestu.com.br\/projetos\/grafithe\/wp-content\/uploads\/2025\/09\/IMG_3458-scaled.webp\" alt=\"\" class=\"wp-image-1204\"\/><\/figure>\n\n\n\n<figure class=\"wp-block-image size-large\"><img loading=\"lazy\" decoding=\"async\" width=\"2560\" height=\"1440\" data-id=\"1205\" src=\"https:\/\/lestu.com.br\/projetos\/grafithe\/wp-content\/uploads\/2025\/09\/IMG_3465-scaled.webp\" alt=\"\" class=\"wp-image-1205\"\/><\/figure>\n\n\n\n<figure class=\"wp-block-image size-large\"><img loading=\"lazy\" decoding=\"async\" width=\"2560\" height=\"1440\" data-id=\"1213\" src=\"https:\/\/lestu.com.br\/projetos\/grafithe\/wp-content\/uploads\/2025\/09\/IMG_3500-scaled.webp\" alt=\"\" class=\"wp-image-1213\"\/><\/figure>\n\n\n\n<figure class=\"wp-block-image size-large\"><img loading=\"lazy\" decoding=\"async\" width=\"2560\" height=\"1440\" data-id=\"1208\" src=\"https:\/\/lestu.com.br\/projetos\/grafithe\/wp-content\/uploads\/2025\/09\/IMG_3524-scaled.webp\" alt=\"\" class=\"wp-image-1208\"\/><\/figure>\n\n\n\n<figure class=\"wp-block-image size-large\"><img loading=\"lazy\" decoding=\"async\" width=\"2560\" height=\"1440\" data-id=\"1210\" src=\"https:\/\/lestu.com.br\/projetos\/grafithe\/wp-content\/uploads\/2025\/09\/IMG_3540-scaled.webp\" alt=\"\" class=\"wp-image-1210\"\/><\/figure>\n\n\n\n<figure class=\"wp-block-image size-large\"><img loading=\"lazy\" decoding=\"async\" width=\"2560\" height=\"1440\" data-id=\"1207\" src=\"https:\/\/lestu.com.br\/projetos\/grafithe\/wp-content\/uploads\/2025\/09\/IMG_3542-scaled.webp\" alt=\"\" class=\"wp-image-1207\"\/><\/figure>\n\n\n\n<figure class=\"wp-block-image size-large\"><img loading=\"lazy\" decoding=\"async\" width=\"2560\" height=\"1440\" data-id=\"1201\" src=\"https:\/\/lestu.com.br\/projetos\/grafithe\/wp-content\/uploads\/2025\/09\/IMG_3459-scaled.webp\" alt=\"\" class=\"wp-image-1201\"\/><\/figure>\n\n\n\n<figure class=\"wp-block-image size-large\"><img loading=\"lazy\" decoding=\"async\" width=\"2560\" height=\"1440\" data-id=\"1203\" src=\"https:\/\/lestu.com.br\/projetos\/grafithe\/wp-content\/uploads\/2025\/09\/IMG_3462-scaled.webp\" alt=\"\" class=\"wp-image-1203\"\/><\/figure>\n\n\n\n<figure class=\"wp-block-image size-large\"><img loading=\"lazy\" decoding=\"async\" width=\"2560\" height=\"1440\" data-id=\"1202\" src=\"https:\/\/lestu.com.br\/projetos\/grafithe\/wp-content\/uploads\/2025\/09\/IMG_3466-scaled.webp\" alt=\"\" class=\"wp-image-1202\"\/><\/figure>\n\n\n\n<figure class=\"wp-block-image size-large\"><img loading=\"lazy\" decoding=\"async\" width=\"2560\" height=\"1440\" data-id=\"1209\" src=\"https:\/\/lestu.com.br\/projetos\/grafithe\/wp-content\/uploads\/2025\/09\/IMG_3592-scaled.webp\" alt=\"\" class=\"wp-image-1209\"\/><\/figure>\n<\/figure>\n","protected":false},"excerpt":{"rendered":"<p>Atividade reuniu estudantes do SESI e apresentou t\u00e9cnicas de lettering e stencil em painel coletivo No dia 20 de setembro, o CETI Prof. Ant\u00f4nio Tarciso Pereira e Silva, no bairro Vale Quem Tem, recebeu a segunda oficina de graffiti do Projeto Grafi-The, iniciativa da Editora Lestu aprovada pela Pol\u00edtica Nacional Aldir Blanc (PNAB 2024). A [&hellip;]<\/p>\n","protected":false},"author":2,"featured_media":1338,"comment_status":"open","ping_status":"open","sticky":false,"template":"","format":"standard","meta":{"footnotes":""},"categories":[1],"tags":[],"class_list":["post-1184","post","type-post","status-publish","format-standard","has-post-thumbnail","hentry","category-noticias"],"yoast_head":"<!-- This site is optimized with the Yoast SEO plugin v26.5 - https:\/\/yoast.com\/wordpress\/plugins\/seo\/ -->\n<title>Oficina de Graffiti leva arte urbana ao bairro Vale Quem Tem - Editora Lestu - Projeto Grafi-The<\/title>\n<meta name=\"description\" content=\"No dia 20 de setembro, o CETI Prof. Ant\u00f4nio Tarciso Pereira e Silva, no bairro Vale Quem Tem, recebeu a segunda oficina de graffiti do Projeto Grafi-The, iniciativa da Editora Lestu aprovada pela Pol\u00edtica Nacional Aldir Blanc (PNAB 2024).\" \/>\n<meta name=\"robots\" content=\"index, follow, max-snippet:-1, max-image-preview:large, max-video-preview:-1\" \/>\n<link rel=\"canonical\" href=\"https:\/\/lestu.com.br\/projetos\/grafithe\/projeto-grafi-the-oficina-graffiti-vale-quem-tem\/\" \/>\n<meta property=\"og:locale\" content=\"pt_BR\" \/>\n<meta property=\"og:type\" content=\"article\" \/>\n<meta property=\"og:title\" content=\"Oficina de Graffiti leva arte urbana ao bairro Vale Quem Tem - Editora Lestu - Projeto Grafi-The\" \/>\n<meta property=\"og:description\" content=\"No dia 20 de setembro, o CETI Prof. Ant\u00f4nio Tarciso Pereira e Silva, no bairro Vale Quem Tem, recebeu a segunda oficina de graffiti do Projeto Grafi-The, iniciativa da Editora Lestu aprovada pela Pol\u00edtica Nacional Aldir Blanc (PNAB 2024).\" \/>\n<meta property=\"og:url\" content=\"https:\/\/lestu.com.br\/projetos\/grafithe\/projeto-grafi-the-oficina-graffiti-vale-quem-tem\/\" \/>\n<meta property=\"og:site_name\" content=\"Editora Lestu - Projeto Grafi-The\" \/>\n<meta property=\"article:author\" content=\"https:\/\/www.facebook.com\/editora.lestu\/\" \/>\n<meta property=\"article:published_time\" content=\"2025-09-25T01:04:51+00:00\" \/>\n<meta property=\"article:modified_time\" content=\"2025-12-03T18:55:43+00:00\" \/>\n<meta property=\"og:image\" content=\"https:\/\/lestu.com.br\/projetos\/grafithe\/wp-content\/uploads\/2025\/11\/IMG_4557-scaled.webp\" \/>\n\t<meta property=\"og:image:width\" content=\"2560\" \/>\n\t<meta property=\"og:image:height\" content=\"1920\" \/>\n\t<meta property=\"og:image:type\" content=\"image\/webp\" \/>\n<meta name=\"author\" content=\"Editora Lestu\" \/>\n<meta name=\"twitter:card\" content=\"summary_large_image\" \/>\n<meta name=\"twitter:label1\" content=\"Escrito por\" \/>\n\t<meta name=\"twitter:data1\" content=\"Editora Lestu\" \/>\n\t<meta name=\"twitter:label2\" content=\"Est. tempo de leitura\" \/>\n\t<meta name=\"twitter:data2\" content=\"7 minutos\" \/>\n<script type=\"application\/ld+json\" class=\"yoast-schema-graph\">{\"@context\":\"https:\/\/schema.org\",\"@graph\":[{\"@type\":\"WebPage\",\"@id\":\"https:\/\/lestu.com.br\/projetos\/grafithe\/projeto-grafi-the-oficina-graffiti-vale-quem-tem\/\",\"url\":\"https:\/\/lestu.com.br\/projetos\/grafithe\/projeto-grafi-the-oficina-graffiti-vale-quem-tem\/\",\"name\":\"Oficina de Graffiti leva arte urbana ao bairro Vale Quem Tem - Editora Lestu - Projeto Grafi-The\",\"isPartOf\":{\"@id\":\"https:\/\/lestu.com.br\/projetos\/grafithe\/#website\"},\"primaryImageOfPage\":{\"@id\":\"https:\/\/lestu.com.br\/projetos\/grafithe\/projeto-grafi-the-oficina-graffiti-vale-quem-tem\/#primaryimage\"},\"image\":{\"@id\":\"https:\/\/lestu.com.br\/projetos\/grafithe\/projeto-grafi-the-oficina-graffiti-vale-quem-tem\/#primaryimage\"},\"thumbnailUrl\":\"https:\/\/lestu.com.br\/projetos\/grafithe\/wp-content\/uploads\/2025\/11\/IMG_4557-scaled.webp\",\"datePublished\":\"2025-09-25T01:04:51+00:00\",\"dateModified\":\"2025-12-03T18:55:43+00:00\",\"author\":{\"@id\":\"https:\/\/lestu.com.br\/projetos\/grafithe\/#\/schema\/person\/bb98e4f5653bf9c61e4a99592ac756a8\"},\"description\":\"No dia 20 de setembro, o CETI Prof. Ant\u00f4nio Tarciso Pereira e Silva, no bairro Vale Quem Tem, recebeu a segunda oficina de graffiti do Projeto Grafi-The, iniciativa da Editora Lestu aprovada pela Pol\u00edtica Nacional Aldir Blanc (PNAB 2024).\",\"breadcrumb\":{\"@id\":\"https:\/\/lestu.com.br\/projetos\/grafithe\/projeto-grafi-the-oficina-graffiti-vale-quem-tem\/#breadcrumb\"},\"inLanguage\":\"pt-BR\",\"potentialAction\":[{\"@type\":\"ReadAction\",\"target\":[\"https:\/\/lestu.com.br\/projetos\/grafithe\/projeto-grafi-the-oficina-graffiti-vale-quem-tem\/\"]}]},{\"@type\":\"ImageObject\",\"inLanguage\":\"pt-BR\",\"@id\":\"https:\/\/lestu.com.br\/projetos\/grafithe\/projeto-grafi-the-oficina-graffiti-vale-quem-tem\/#primaryimage\",\"url\":\"https:\/\/lestu.com.br\/projetos\/grafithe\/wp-content\/uploads\/2025\/11\/IMG_4557-scaled.webp\",\"contentUrl\":\"https:\/\/lestu.com.br\/projetos\/grafithe\/wp-content\/uploads\/2025\/11\/IMG_4557-scaled.webp\",\"width\":2560,\"height\":1920},{\"@type\":\"BreadcrumbList\",\"@id\":\"https:\/\/lestu.com.br\/projetos\/grafithe\/projeto-grafi-the-oficina-graffiti-vale-quem-tem\/#breadcrumb\",\"itemListElement\":[{\"@type\":\"ListItem\",\"position\":1,\"name\":\"In\u00edcio\",\"item\":\"https:\/\/lestu.com.br\/projetos\/grafithe\/\"},{\"@type\":\"ListItem\",\"position\":2,\"name\":\"Oficina de Graffiti leva arte urbana ao bairro Vale Quem Tem\"}]},{\"@type\":\"WebSite\",\"@id\":\"https:\/\/lestu.com.br\/projetos\/grafithe\/#website\",\"url\":\"https:\/\/lestu.com.br\/projetos\/grafithe\/\",\"name\":\"Editora Lestu - Projeto Grafi-The\",\"description\":\"\",\"potentialAction\":[{\"@type\":\"SearchAction\",\"target\":{\"@type\":\"EntryPoint\",\"urlTemplate\":\"https:\/\/lestu.com.br\/projetos\/grafithe\/?s={search_term_string}\"},\"query-input\":{\"@type\":\"PropertyValueSpecification\",\"valueRequired\":true,\"valueName\":\"search_term_string\"}}],\"inLanguage\":\"pt-BR\"},{\"@type\":\"Person\",\"@id\":\"https:\/\/lestu.com.br\/projetos\/grafithe\/#\/schema\/person\/bb98e4f5653bf9c61e4a99592ac756a8\",\"name\":\"Editora Lestu\",\"image\":{\"@type\":\"ImageObject\",\"inLanguage\":\"pt-BR\",\"@id\":\"https:\/\/lestu.com.br\/projetos\/grafithe\/#\/schema\/person\/image\/\",\"url\":\"https:\/\/secure.gravatar.com\/avatar\/bef44b1623c44471fbedfe71d019476467ecbab9e0040ec619227b368cf89305?s=96&d=mm&r=g\",\"contentUrl\":\"https:\/\/secure.gravatar.com\/avatar\/bef44b1623c44471fbedfe71d019476467ecbab9e0040ec619227b368cf89305?s=96&d=mm&r=g\",\"caption\":\"Editora Lestu\"},\"sameAs\":[\"https:\/\/lestu.com.br\/\",\"https:\/\/www.facebook.com\/editora.lestu\/\",\"@lestu_editora\"],\"url\":\"https:\/\/lestu.com.br\/projetos\/grafithe\/author\/lestu\/\"}]}<\/script>\n<!-- \/ Yoast SEO plugin. -->","yoast_head_json":{"title":"Oficina de Graffiti leva arte urbana ao bairro Vale Quem Tem - Editora Lestu - Projeto Grafi-The","description":"No dia 20 de setembro, o CETI Prof. Ant\u00f4nio Tarciso Pereira e Silva, no bairro Vale Quem Tem, recebeu a segunda oficina de graffiti do Projeto Grafi-The, iniciativa da Editora Lestu aprovada pela Pol\u00edtica Nacional Aldir Blanc (PNAB 2024).","robots":{"index":"index","follow":"follow","max-snippet":"max-snippet:-1","max-image-preview":"max-image-preview:large","max-video-preview":"max-video-preview:-1"},"canonical":"https:\/\/lestu.com.br\/projetos\/grafithe\/projeto-grafi-the-oficina-graffiti-vale-quem-tem\/","og_locale":"pt_BR","og_type":"article","og_title":"Oficina de Graffiti leva arte urbana ao bairro Vale Quem Tem - Editora Lestu - Projeto Grafi-The","og_description":"No dia 20 de setembro, o CETI Prof. Ant\u00f4nio Tarciso Pereira e Silva, no bairro Vale Quem Tem, recebeu a segunda oficina de graffiti do Projeto Grafi-The, iniciativa da Editora Lestu aprovada pela Pol\u00edtica Nacional Aldir Blanc (PNAB 2024).","og_url":"https:\/\/lestu.com.br\/projetos\/grafithe\/projeto-grafi-the-oficina-graffiti-vale-quem-tem\/","og_site_name":"Editora Lestu - Projeto Grafi-The","article_author":"https:\/\/www.facebook.com\/editora.lestu\/","article_published_time":"2025-09-25T01:04:51+00:00","article_modified_time":"2025-12-03T18:55:43+00:00","og_image":[{"width":2560,"height":1920,"url":"https:\/\/lestu.com.br\/projetos\/grafithe\/wp-content\/uploads\/2025\/11\/IMG_4557-scaled.webp","type":"image\/webp"}],"author":"Editora Lestu","twitter_card":"summary_large_image","twitter_misc":{"Escrito por":"Editora Lestu","Est. tempo de leitura":"7 minutos"},"schema":{"@context":"https:\/\/schema.org","@graph":[{"@type":"WebPage","@id":"https:\/\/lestu.com.br\/projetos\/grafithe\/projeto-grafi-the-oficina-graffiti-vale-quem-tem\/","url":"https:\/\/lestu.com.br\/projetos\/grafithe\/projeto-grafi-the-oficina-graffiti-vale-quem-tem\/","name":"Oficina de Graffiti leva arte urbana ao bairro Vale Quem Tem - Editora Lestu - Projeto Grafi-The","isPartOf":{"@id":"https:\/\/lestu.com.br\/projetos\/grafithe\/#website"},"primaryImageOfPage":{"@id":"https:\/\/lestu.com.br\/projetos\/grafithe\/projeto-grafi-the-oficina-graffiti-vale-quem-tem\/#primaryimage"},"image":{"@id":"https:\/\/lestu.com.br\/projetos\/grafithe\/projeto-grafi-the-oficina-graffiti-vale-quem-tem\/#primaryimage"},"thumbnailUrl":"https:\/\/lestu.com.br\/projetos\/grafithe\/wp-content\/uploads\/2025\/11\/IMG_4557-scaled.webp","datePublished":"2025-09-25T01:04:51+00:00","dateModified":"2025-12-03T18:55:43+00:00","author":{"@id":"https:\/\/lestu.com.br\/projetos\/grafithe\/#\/schema\/person\/bb98e4f5653bf9c61e4a99592ac756a8"},"description":"No dia 20 de setembro, o CETI Prof. Ant\u00f4nio Tarciso Pereira e Silva, no bairro Vale Quem Tem, recebeu a segunda oficina de graffiti do Projeto Grafi-The, iniciativa da Editora Lestu aprovada pela Pol\u00edtica Nacional Aldir Blanc (PNAB 2024).","breadcrumb":{"@id":"https:\/\/lestu.com.br\/projetos\/grafithe\/projeto-grafi-the-oficina-graffiti-vale-quem-tem\/#breadcrumb"},"inLanguage":"pt-BR","potentialAction":[{"@type":"ReadAction","target":["https:\/\/lestu.com.br\/projetos\/grafithe\/projeto-grafi-the-oficina-graffiti-vale-quem-tem\/"]}]},{"@type":"ImageObject","inLanguage":"pt-BR","@id":"https:\/\/lestu.com.br\/projetos\/grafithe\/projeto-grafi-the-oficina-graffiti-vale-quem-tem\/#primaryimage","url":"https:\/\/lestu.com.br\/projetos\/grafithe\/wp-content\/uploads\/2025\/11\/IMG_4557-scaled.webp","contentUrl":"https:\/\/lestu.com.br\/projetos\/grafithe\/wp-content\/uploads\/2025\/11\/IMG_4557-scaled.webp","width":2560,"height":1920},{"@type":"BreadcrumbList","@id":"https:\/\/lestu.com.br\/projetos\/grafithe\/projeto-grafi-the-oficina-graffiti-vale-quem-tem\/#breadcrumb","itemListElement":[{"@type":"ListItem","position":1,"name":"In\u00edcio","item":"https:\/\/lestu.com.br\/projetos\/grafithe\/"},{"@type":"ListItem","position":2,"name":"Oficina de Graffiti leva arte urbana ao bairro Vale Quem Tem"}]},{"@type":"WebSite","@id":"https:\/\/lestu.com.br\/projetos\/grafithe\/#website","url":"https:\/\/lestu.com.br\/projetos\/grafithe\/","name":"Editora Lestu - Projeto Grafi-The","description":"","potentialAction":[{"@type":"SearchAction","target":{"@type":"EntryPoint","urlTemplate":"https:\/\/lestu.com.br\/projetos\/grafithe\/?s={search_term_string}"},"query-input":{"@type":"PropertyValueSpecification","valueRequired":true,"valueName":"search_term_string"}}],"inLanguage":"pt-BR"},{"@type":"Person","@id":"https:\/\/lestu.com.br\/projetos\/grafithe\/#\/schema\/person\/bb98e4f5653bf9c61e4a99592ac756a8","name":"Editora Lestu","image":{"@type":"ImageObject","inLanguage":"pt-BR","@id":"https:\/\/lestu.com.br\/projetos\/grafithe\/#\/schema\/person\/image\/","url":"https:\/\/secure.gravatar.com\/avatar\/bef44b1623c44471fbedfe71d019476467ecbab9e0040ec619227b368cf89305?s=96&d=mm&r=g","contentUrl":"https:\/\/secure.gravatar.com\/avatar\/bef44b1623c44471fbedfe71d019476467ecbab9e0040ec619227b368cf89305?s=96&d=mm&r=g","caption":"Editora Lestu"},"sameAs":["https:\/\/lestu.com.br\/","https:\/\/www.facebook.com\/editora.lestu\/","@lestu_editora"],"url":"https:\/\/lestu.com.br\/projetos\/grafithe\/author\/lestu\/"}]}},"_links":{"self":[{"href":"https:\/\/lestu.com.br\/projetos\/grafithe\/wp-json\/wp\/v2\/posts\/1184","targetHints":{"allow":["GET"]}}],"collection":[{"href":"https:\/\/lestu.com.br\/projetos\/grafithe\/wp-json\/wp\/v2\/posts"}],"about":[{"href":"https:\/\/lestu.com.br\/projetos\/grafithe\/wp-json\/wp\/v2\/types\/post"}],"author":[{"embeddable":true,"href":"https:\/\/lestu.com.br\/projetos\/grafithe\/wp-json\/wp\/v2\/users\/2"}],"replies":[{"embeddable":true,"href":"https:\/\/lestu.com.br\/projetos\/grafithe\/wp-json\/wp\/v2\/comments?post=1184"}],"version-history":[{"count":0,"href":"https:\/\/lestu.com.br\/projetos\/grafithe\/wp-json\/wp\/v2\/posts\/1184\/revisions"}],"wp:featuredmedia":[{"embeddable":true,"href":"https:\/\/lestu.com.br\/projetos\/grafithe\/wp-json\/wp\/v2\/media\/1338"}],"wp:attachment":[{"href":"https:\/\/lestu.com.br\/projetos\/grafithe\/wp-json\/wp\/v2\/media?parent=1184"}],"wp:term":[{"taxonomy":"category","embeddable":true,"href":"https:\/\/lestu.com.br\/projetos\/grafithe\/wp-json\/wp\/v2\/categories?post=1184"},{"taxonomy":"post_tag","embeddable":true,"href":"https:\/\/lestu.com.br\/projetos\/grafithe\/wp-json\/wp\/v2\/tags?post=1184"}],"curies":[{"name":"wp","href":"https:\/\/api.w.org\/{rel}","templated":true}]}}