{"id":1337,"date":"2025-11-08T16:58:42","date_gmt":"2025-11-08T19:58:42","guid":{"rendered":"https:\/\/lestu.com.br\/projetos\/grafithe\/?p=1337"},"modified":"2025-12-03T15:44:10","modified_gmt":"2025-12-03T18:44:10","slug":"oficina-de-graffiti-no-dirceu-arcoverde-amplia-o-dialogo-entre-arte-urbana-e-educacao","status":"publish","type":"post","link":"https:\/\/lestu.com.br\/projetos\/grafithe\/oficina-de-graffiti-no-dirceu-arcoverde-amplia-o-dialogo-entre-arte-urbana-e-educacao\/","title":{"rendered":"Oficina de Graffiti no Dirceu Arcoverde amplia o di\u00e1logo entre arte urbana e educa\u00e7\u00e3o"},"content":{"rendered":"\n<p><strong>Terceira oficina do Projeto Grafi-The integrou teoria, t\u00e9cnica e cria\u00e7\u00e3o coletiva com estudantes do CETI J\u00falia Nunes<\/strong><\/p>\n\n\n\n<p>No dia 1\u00ba de outubro de 2025, o CETI J\u00falia Nunes, no bairro Dirceu Arcoverde, recebeu a terceira oficina de graffiti do Projeto Grafi-The \u2014 uma iniciativa cultural da Editora Lestu, aprovada pela Pol\u00edtica Nacional Aldir Blanc (PNAB 2024). A oficina foi ministrada por Eduardo Alem\u00e3o, do coletivo VDC (Vai Dar Certo), e pelo artista San\u00e1 Costa, ambos atuantes na cena art\u00edstica piauiense. Realizada das 8h \u00e0s 17h, a atividade marcou a continuidade do ciclo formativo que vem aproximando estudantes de diferentes regi\u00f5es de Teresina da arte urbana e de suas dimens\u00f5es sociais, est\u00e9ticas e pol\u00edticas. A proposta central foi incentivar a cria\u00e7\u00e3o coletiva e a experimenta\u00e7\u00e3o visual, utilizando o graffiti como ferramenta de express\u00e3o e de leitura cr\u00edtica da realidade local.<\/p>\n\n\n\n<h3 class=\"wp-block-heading\">Entre o tra\u00e7o e o conceito: aprendendo a linguagem do graffiti<\/h3>\n\n\n\n<p>Durante a oficina, os alunos exploraram o <strong>lettering<\/strong> no estilo <em>bomb<\/em>, experimentando a constru\u00e7\u00e3o de letras infladas e coloridas, trabalhadas com l\u00e1pis de cor e de cera para estudar volume, sombra e contraste. Essa etapa inicial permitiu compreender como o graffiti \u00e9 tamb\u00e9m uma forma de design, exigindo dom\u00ednio t\u00e9cnico e identidade visual. Em seguida, os estudantes mergulharam nas t\u00e9cnicas de <strong>stencil<\/strong>, aprendendo a projetar imagens em grande escala e a planejar o uso do spray em camadas. Como orienta o material did\u00e1tico do Grafi-The, a pr\u00e1tica do graffiti envolve tanto o gesto livre quanto o planejamento preciso: \u201co dom\u00ednio dos materiais vem com o tempo e com a experimenta\u00e7\u00e3o\u201d. Essa conjuga\u00e7\u00e3o entre liberdade e t\u00e9cnica foi um dos eixos da atividade, que alternou momentos de experimenta\u00e7\u00e3o com discuss\u00f5es sobre a hist\u00f3ria do graffiti, sua origem nos movimentos de resist\u00eancia urbana e sua for\u00e7a como linguagem visual contempor\u00e2nea.<\/p>\n\n\n\n<h3 class=\"wp-block-heading\">Painel coletivo: o muro como espa\u00e7o de cria\u00e7\u00e3o e cidadania<\/h3>\n\n\n\n<p>Encerrando a oficina, os alunos produziram um <strong>painel coletivo<\/strong>, combinando as t\u00e9cnicas aprendidas com tinta l\u00e1tex, spray e stencil. A proposta final refor\u00e7ou o valor do graffiti como pr\u00e1tica de cidadania e como forma de apropria\u00e7\u00e3o simb\u00f3lica do espa\u00e7o escolar. Sob a orienta\u00e7\u00e3o dos instrutores, os jovens compreenderam o muro n\u00e3o apenas como suporte, mas como territ\u00f3rio de di\u00e1logo \u2014 uma superf\u00edcie que comunica e acolhe m\u00faltiplas vozes. O resultado reflete o prop\u00f3sito do Projeto Grafi-The: democratizar o acesso \u00e0 arte urbana e consolidar sua relev\u00e2ncia como express\u00e3o cr\u00edtica e cultural. Ao aproximar o graffiti do ambiente escolar, o projeto reafirma a pot\u00eancia criativa das periferias e a capacidade da arte de conectar saberes, territ\u00f3rios e identidades em transforma\u00e7\u00e3o.<\/p>\n\n\n\n<figure class=\"wp-block-gallery has-nested-images columns-default is-cropped wp-block-gallery-1 is-layout-flex wp-block-gallery-is-layout-flex\">\n<figure class=\"wp-block-image size-large\"><img fetchpriority=\"high\" decoding=\"async\" width=\"2560\" height=\"1920\" data-id=\"1343\" src=\"https:\/\/lestu.com.br\/projetos\/grafithe\/wp-content\/uploads\/2025\/11\/IMG_4552-scaled.webp\" alt=\"\" class=\"wp-image-1343\"\/><\/figure>\n\n\n\n<figure class=\"wp-block-image size-large\"><img decoding=\"async\" width=\"2560\" height=\"1920\" data-id=\"1344\" src=\"https:\/\/lestu.com.br\/projetos\/grafithe\/wp-content\/uploads\/2025\/11\/IMG_4555-scaled.webp\" alt=\"\" class=\"wp-image-1344\"\/><\/figure>\n\n\n\n<figure class=\"wp-block-image size-large\"><img decoding=\"async\" width=\"2560\" height=\"1920\" data-id=\"1345\" src=\"https:\/\/lestu.com.br\/projetos\/grafithe\/wp-content\/uploads\/2025\/11\/IMG_4556-scaled.webp\" alt=\"\" class=\"wp-image-1345\"\/><\/figure>\n\n\n\n<figure class=\"wp-block-image size-large\"><img loading=\"lazy\" decoding=\"async\" width=\"2560\" height=\"1920\" data-id=\"1346\" src=\"https:\/\/lestu.com.br\/projetos\/grafithe\/wp-content\/uploads\/2025\/11\/IMG_4558-scaled.webp\" alt=\"\" class=\"wp-image-1346\"\/><\/figure>\n\n\n\n<figure class=\"wp-block-image size-large\"><img loading=\"lazy\" decoding=\"async\" width=\"2560\" height=\"1920\" data-id=\"1347\" src=\"https:\/\/lestu.com.br\/projetos\/grafithe\/wp-content\/uploads\/2025\/11\/IMG_4559-scaled.webp\" alt=\"\" class=\"wp-image-1347\"\/><\/figure>\n\n\n\n<figure class=\"wp-block-image size-large\"><img loading=\"lazy\" decoding=\"async\" width=\"2560\" height=\"1920\" data-id=\"1348\" src=\"https:\/\/lestu.com.br\/projetos\/grafithe\/wp-content\/uploads\/2025\/11\/IMG_4560-scaled.webp\" alt=\"\" class=\"wp-image-1348\"\/><\/figure>\n\n\n\n<figure class=\"wp-block-image size-large\"><img loading=\"lazy\" decoding=\"async\" width=\"2560\" height=\"1920\" data-id=\"1349\" src=\"https:\/\/lestu.com.br\/projetos\/grafithe\/wp-content\/uploads\/2025\/11\/IMG_4562-scaled.webp\" alt=\"\" class=\"wp-image-1349\"\/><\/figure>\n\n\n\n<figure class=\"wp-block-image size-large\"><img loading=\"lazy\" decoding=\"async\" width=\"2560\" height=\"1920\" data-id=\"1350\" src=\"https:\/\/lestu.com.br\/projetos\/grafithe\/wp-content\/uploads\/2025\/11\/IMG_4563-scaled.webp\" alt=\"\" class=\"wp-image-1350\"\/><\/figure>\n\n\n\n<figure class=\"wp-block-image size-large\"><img loading=\"lazy\" decoding=\"async\" width=\"2560\" height=\"1920\" data-id=\"1351\" src=\"https:\/\/lestu.com.br\/projetos\/grafithe\/wp-content\/uploads\/2025\/11\/IMG_4564-scaled.webp\" alt=\"\" class=\"wp-image-1351\"\/><\/figure>\n\n\n\n<figure class=\"wp-block-image size-large\"><img loading=\"lazy\" decoding=\"async\" width=\"2560\" height=\"1440\" data-id=\"1352\" src=\"https:\/\/lestu.com.br\/projetos\/grafithe\/wp-content\/uploads\/2025\/11\/IMG_4603-scaled.webp\" alt=\"\" class=\"wp-image-1352\"\/><\/figure>\n\n\n\n<figure class=\"wp-block-image size-large\"><img loading=\"lazy\" decoding=\"async\" width=\"2560\" height=\"1440\" data-id=\"1353\" src=\"https:\/\/lestu.com.br\/projetos\/grafithe\/wp-content\/uploads\/2025\/11\/IMG_4606-scaled.webp\" alt=\"\" class=\"wp-image-1353\"\/><\/figure>\n\n\n\n<figure class=\"wp-block-image size-large\"><img loading=\"lazy\" decoding=\"async\" width=\"2560\" height=\"1440\" data-id=\"1354\" src=\"https:\/\/lestu.com.br\/projetos\/grafithe\/wp-content\/uploads\/2025\/11\/IMG_4614-scaled.webp\" alt=\"\" class=\"wp-image-1354\"\/><\/figure>\n\n\n\n<figure class=\"wp-block-image size-large\"><img loading=\"lazy\" decoding=\"async\" width=\"2560\" height=\"1440\" data-id=\"1355\" src=\"https:\/\/lestu.com.br\/projetos\/grafithe\/wp-content\/uploads\/2025\/11\/IMG_4621-scaled.webp\" alt=\"\" class=\"wp-image-1355\"\/><\/figure>\n\n\n\n<figure class=\"wp-block-image size-large\"><img loading=\"lazy\" decoding=\"async\" width=\"2560\" height=\"1440\" data-id=\"1340\" src=\"https:\/\/lestu.com.br\/projetos\/grafithe\/wp-content\/uploads\/2025\/11\/IMG_4615-scaled.webp\" alt=\"\" class=\"wp-image-1340\"\/><\/figure>\n\n\n\n<figure class=\"wp-block-image size-large\"><img loading=\"lazy\" decoding=\"async\" width=\"2560\" height=\"1920\" data-id=\"1338\" src=\"https:\/\/lestu.com.br\/projetos\/grafithe\/wp-content\/uploads\/2025\/11\/IMG_4557-scaled.webp\" alt=\"\" class=\"wp-image-1338\"\/><\/figure>\n\n\n\n<figure class=\"wp-block-image size-large\"><img loading=\"lazy\" decoding=\"async\" width=\"2560\" height=\"1440\" data-id=\"1334\" src=\"https:\/\/lestu.com.br\/projetos\/grafithe\/wp-content\/uploads\/2025\/09\/IMG_4621-scaled.webp\" alt=\"\" class=\"wp-image-1334\"\/><\/figure>\n\n\n\n<figure class=\"wp-block-image size-large\"><img loading=\"lazy\" decoding=\"async\" width=\"2560\" height=\"1440\" data-id=\"1359\" src=\"https:\/\/lestu.com.br\/projetos\/grafithe\/wp-content\/uploads\/2025\/11\/IMG_4654-1-scaled.webp\" alt=\"\" class=\"wp-image-1359\"\/><\/figure>\n\n\n\n<figure class=\"wp-block-image size-large\"><img loading=\"lazy\" decoding=\"async\" width=\"2560\" height=\"1440\" data-id=\"1360\" src=\"https:\/\/lestu.com.br\/projetos\/grafithe\/wp-content\/uploads\/2025\/11\/IMG_4655-scaled.webp\" alt=\"\" class=\"wp-image-1360\"\/><\/figure>\n\n\n\n<figure class=\"wp-block-image size-large\"><img loading=\"lazy\" decoding=\"async\" width=\"2560\" height=\"1440\" data-id=\"1361\" src=\"https:\/\/lestu.com.br\/projetos\/grafithe\/wp-content\/uploads\/2025\/11\/IMG_4656-scaled.webp\" alt=\"\" class=\"wp-image-1361\"\/><\/figure>\n\n\n\n<figure class=\"wp-block-image size-large\"><img loading=\"lazy\" decoding=\"async\" width=\"2560\" height=\"1440\" data-id=\"1363\" src=\"https:\/\/lestu.com.br\/projetos\/grafithe\/wp-content\/uploads\/2025\/11\/IMG_4678-scaled.webp\" alt=\"\" class=\"wp-image-1363\"\/><\/figure>\n\n\n\n<figure class=\"wp-block-image size-large\"><img loading=\"lazy\" decoding=\"async\" width=\"2560\" height=\"1440\" data-id=\"1365\" src=\"https:\/\/lestu.com.br\/projetos\/grafithe\/wp-content\/uploads\/2025\/11\/IMG_4680-scaled.webp\" alt=\"\" class=\"wp-image-1365\"\/><\/figure>\n\n\n\n<figure class=\"wp-block-image size-large\"><img loading=\"lazy\" decoding=\"async\" width=\"2560\" height=\"1440\" data-id=\"1357\" src=\"https:\/\/lestu.com.br\/projetos\/grafithe\/wp-content\/uploads\/2025\/11\/IMG_4651-scaled.webp\" alt=\"\" class=\"wp-image-1357\"\/><\/figure>\n\n\n\n<figure class=\"wp-block-image size-large\"><img loading=\"lazy\" decoding=\"async\" width=\"2560\" height=\"1440\" data-id=\"1358\" src=\"https:\/\/lestu.com.br\/projetos\/grafithe\/wp-content\/uploads\/2025\/11\/IMG_4653-scaled.webp\" alt=\"\" class=\"wp-image-1358\"\/><\/figure>\n\n\n\n<figure class=\"wp-block-image size-large\"><img loading=\"lazy\" decoding=\"async\" width=\"2560\" height=\"1440\" data-id=\"1336\" src=\"https:\/\/lestu.com.br\/projetos\/grafithe\/wp-content\/uploads\/2025\/09\/IMG_4688-scaled.webp\" alt=\"\" class=\"wp-image-1336\"\/><\/figure>\n\n\n\n<figure class=\"wp-block-image size-large\"><img loading=\"lazy\" decoding=\"async\" width=\"2560\" height=\"1440\" data-id=\"1362\" src=\"https:\/\/lestu.com.br\/projetos\/grafithe\/wp-content\/uploads\/2025\/11\/IMG_4668-scaled.webp\" alt=\"\" class=\"wp-image-1362\"\/><\/figure>\n<\/figure>\n\n\n\n<figure class=\"wp-block-gallery has-nested-images columns-default is-cropped wp-block-gallery-2 is-layout-flex wp-block-gallery-is-layout-flex\"><\/figure>\n","protected":false},"excerpt":{"rendered":"<p>Terceira oficina do Projeto Grafi-The integrou teoria, t\u00e9cnica e cria\u00e7\u00e3o coletiva com estudantes do CETI J\u00falia Nunes No dia 1\u00ba de outubro de 2025, o CETI J\u00falia Nunes, no bairro Dirceu Arcoverde, recebeu a terceira oficina de graffiti do Projeto Grafi-The \u2014 uma iniciativa cultural da Editora Lestu, aprovada pela Pol\u00edtica Nacional Aldir Blanc (PNAB [&hellip;]<\/p>\n","protected":false},"author":2,"featured_media":1350,"comment_status":"open","ping_status":"open","sticky":false,"template":"","format":"standard","meta":{"footnotes":""},"categories":[1],"tags":[],"class_list":["post-1337","post","type-post","status-publish","format-standard","has-post-thumbnail","hentry","category-noticias"],"yoast_head":"<!-- This site is optimized with the Yoast SEO plugin v26.5 - https:\/\/yoast.com\/wordpress\/plugins\/seo\/ -->\n<title>Oficina de Graffiti no Dirceu Arcoverde amplia o di\u00e1logo entre arte urbana e educa\u00e7\u00e3o - Editora Lestu - Projeto Grafi-The<\/title>\n<meta name=\"robots\" content=\"index, follow, max-snippet:-1, max-image-preview:large, max-video-preview:-1\" \/>\n<link rel=\"canonical\" href=\"https:\/\/lestu.com.br\/projetos\/grafithe\/oficina-de-graffiti-no-dirceu-arcoverde-amplia-o-dialogo-entre-arte-urbana-e-educacao\/\" \/>\n<meta property=\"og:locale\" content=\"pt_BR\" \/>\n<meta property=\"og:type\" content=\"article\" \/>\n<meta property=\"og:title\" content=\"Oficina de Graffiti no Dirceu Arcoverde amplia o di\u00e1logo entre arte urbana e educa\u00e7\u00e3o - Editora Lestu - Projeto Grafi-The\" \/>\n<meta property=\"og:description\" content=\"Terceira oficina do Projeto Grafi-The integrou teoria, t\u00e9cnica e cria\u00e7\u00e3o coletiva com estudantes do CETI J\u00falia Nunes No dia 1\u00ba de outubro de 2025, o CETI J\u00falia Nunes, no bairro Dirceu Arcoverde, recebeu a terceira oficina de graffiti do Projeto Grafi-The \u2014 uma iniciativa cultural da Editora Lestu, aprovada pela Pol\u00edtica Nacional Aldir Blanc (PNAB [&hellip;]\" \/>\n<meta property=\"og:url\" content=\"https:\/\/lestu.com.br\/projetos\/grafithe\/oficina-de-graffiti-no-dirceu-arcoverde-amplia-o-dialogo-entre-arte-urbana-e-educacao\/\" \/>\n<meta property=\"og:site_name\" content=\"Editora Lestu - Projeto Grafi-The\" \/>\n<meta property=\"article:author\" content=\"https:\/\/www.facebook.com\/editora.lestu\/\" \/>\n<meta property=\"article:published_time\" content=\"2025-11-08T19:58:42+00:00\" \/>\n<meta property=\"article:modified_time\" content=\"2025-12-03T18:44:10+00:00\" \/>\n<meta property=\"og:image\" content=\"https:\/\/lestu.com.br\/projetos\/grafithe\/wp-content\/uploads\/2025\/11\/IMG_4563-scaled.webp\" \/>\n\t<meta property=\"og:image:width\" content=\"2560\" \/>\n\t<meta property=\"og:image:height\" content=\"1920\" \/>\n\t<meta property=\"og:image:type\" content=\"image\/webp\" \/>\n<meta name=\"author\" content=\"Editora Lestu\" \/>\n<meta name=\"twitter:card\" content=\"summary_large_image\" \/>\n<meta name=\"twitter:label1\" content=\"Escrito por\" \/>\n\t<meta name=\"twitter:data1\" content=\"Editora Lestu\" \/>\n\t<meta name=\"twitter:label2\" content=\"Est. tempo de leitura\" \/>\n\t<meta name=\"twitter:data2\" content=\"8 minutos\" \/>\n<script type=\"application\/ld+json\" class=\"yoast-schema-graph\">{\"@context\":\"https:\/\/schema.org\",\"@graph\":[{\"@type\":\"WebPage\",\"@id\":\"https:\/\/lestu.com.br\/projetos\/grafithe\/oficina-de-graffiti-no-dirceu-arcoverde-amplia-o-dialogo-entre-arte-urbana-e-educacao\/\",\"url\":\"https:\/\/lestu.com.br\/projetos\/grafithe\/oficina-de-graffiti-no-dirceu-arcoverde-amplia-o-dialogo-entre-arte-urbana-e-educacao\/\",\"name\":\"Oficina de Graffiti no Dirceu Arcoverde amplia o di\u00e1logo entre arte urbana e educa\u00e7\u00e3o - Editora Lestu - Projeto Grafi-The\",\"isPartOf\":{\"@id\":\"https:\/\/lestu.com.br\/projetos\/grafithe\/#website\"},\"primaryImageOfPage\":{\"@id\":\"https:\/\/lestu.com.br\/projetos\/grafithe\/oficina-de-graffiti-no-dirceu-arcoverde-amplia-o-dialogo-entre-arte-urbana-e-educacao\/#primaryimage\"},\"image\":{\"@id\":\"https:\/\/lestu.com.br\/projetos\/grafithe\/oficina-de-graffiti-no-dirceu-arcoverde-amplia-o-dialogo-entre-arte-urbana-e-educacao\/#primaryimage\"},\"thumbnailUrl\":\"https:\/\/lestu.com.br\/projetos\/grafithe\/wp-content\/uploads\/2025\/11\/IMG_4563-scaled.webp\",\"datePublished\":\"2025-11-08T19:58:42+00:00\",\"dateModified\":\"2025-12-03T18:44:10+00:00\",\"author\":{\"@id\":\"https:\/\/lestu.com.br\/projetos\/grafithe\/#\/schema\/person\/bb98e4f5653bf9c61e4a99592ac756a8\"},\"breadcrumb\":{\"@id\":\"https:\/\/lestu.com.br\/projetos\/grafithe\/oficina-de-graffiti-no-dirceu-arcoverde-amplia-o-dialogo-entre-arte-urbana-e-educacao\/#breadcrumb\"},\"inLanguage\":\"pt-BR\",\"potentialAction\":[{\"@type\":\"ReadAction\",\"target\":[\"https:\/\/lestu.com.br\/projetos\/grafithe\/oficina-de-graffiti-no-dirceu-arcoverde-amplia-o-dialogo-entre-arte-urbana-e-educacao\/\"]}]},{\"@type\":\"ImageObject\",\"inLanguage\":\"pt-BR\",\"@id\":\"https:\/\/lestu.com.br\/projetos\/grafithe\/oficina-de-graffiti-no-dirceu-arcoverde-amplia-o-dialogo-entre-arte-urbana-e-educacao\/#primaryimage\",\"url\":\"https:\/\/lestu.com.br\/projetos\/grafithe\/wp-content\/uploads\/2025\/11\/IMG_4563-scaled.webp\",\"contentUrl\":\"https:\/\/lestu.com.br\/projetos\/grafithe\/wp-content\/uploads\/2025\/11\/IMG_4563-scaled.webp\",\"width\":2560,\"height\":1920},{\"@type\":\"BreadcrumbList\",\"@id\":\"https:\/\/lestu.com.br\/projetos\/grafithe\/oficina-de-graffiti-no-dirceu-arcoverde-amplia-o-dialogo-entre-arte-urbana-e-educacao\/#breadcrumb\",\"itemListElement\":[{\"@type\":\"ListItem\",\"position\":1,\"name\":\"In\u00edcio\",\"item\":\"https:\/\/lestu.com.br\/projetos\/grafithe\/\"},{\"@type\":\"ListItem\",\"position\":2,\"name\":\"Oficina de Graffiti no Dirceu Arcoverde amplia o di\u00e1logo entre arte urbana e educa\u00e7\u00e3o\"}]},{\"@type\":\"WebSite\",\"@id\":\"https:\/\/lestu.com.br\/projetos\/grafithe\/#website\",\"url\":\"https:\/\/lestu.com.br\/projetos\/grafithe\/\",\"name\":\"Editora Lestu - Projeto Grafi-The\",\"description\":\"\",\"potentialAction\":[{\"@type\":\"SearchAction\",\"target\":{\"@type\":\"EntryPoint\",\"urlTemplate\":\"https:\/\/lestu.com.br\/projetos\/grafithe\/?s={search_term_string}\"},\"query-input\":{\"@type\":\"PropertyValueSpecification\",\"valueRequired\":true,\"valueName\":\"search_term_string\"}}],\"inLanguage\":\"pt-BR\"},{\"@type\":\"Person\",\"@id\":\"https:\/\/lestu.com.br\/projetos\/grafithe\/#\/schema\/person\/bb98e4f5653bf9c61e4a99592ac756a8\",\"name\":\"Editora Lestu\",\"image\":{\"@type\":\"ImageObject\",\"inLanguage\":\"pt-BR\",\"@id\":\"https:\/\/lestu.com.br\/projetos\/grafithe\/#\/schema\/person\/image\/\",\"url\":\"https:\/\/secure.gravatar.com\/avatar\/bef44b1623c44471fbedfe71d019476467ecbab9e0040ec619227b368cf89305?s=96&d=mm&r=g\",\"contentUrl\":\"https:\/\/secure.gravatar.com\/avatar\/bef44b1623c44471fbedfe71d019476467ecbab9e0040ec619227b368cf89305?s=96&d=mm&r=g\",\"caption\":\"Editora Lestu\"},\"sameAs\":[\"https:\/\/lestu.com.br\/\",\"https:\/\/www.facebook.com\/editora.lestu\/\",\"@lestu_editora\"],\"url\":\"https:\/\/lestu.com.br\/projetos\/grafithe\/author\/lestu\/\"}]}<\/script>\n<!-- \/ Yoast SEO plugin. -->","yoast_head_json":{"title":"Oficina de Graffiti no Dirceu Arcoverde amplia o di\u00e1logo entre arte urbana e educa\u00e7\u00e3o - Editora Lestu - Projeto Grafi-The","robots":{"index":"index","follow":"follow","max-snippet":"max-snippet:-1","max-image-preview":"max-image-preview:large","max-video-preview":"max-video-preview:-1"},"canonical":"https:\/\/lestu.com.br\/projetos\/grafithe\/oficina-de-graffiti-no-dirceu-arcoverde-amplia-o-dialogo-entre-arte-urbana-e-educacao\/","og_locale":"pt_BR","og_type":"article","og_title":"Oficina de Graffiti no Dirceu Arcoverde amplia o di\u00e1logo entre arte urbana e educa\u00e7\u00e3o - Editora Lestu - Projeto Grafi-The","og_description":"Terceira oficina do Projeto Grafi-The integrou teoria, t\u00e9cnica e cria\u00e7\u00e3o coletiva com estudantes do CETI J\u00falia Nunes No dia 1\u00ba de outubro de 2025, o CETI J\u00falia Nunes, no bairro Dirceu Arcoverde, recebeu a terceira oficina de graffiti do Projeto Grafi-The \u2014 uma iniciativa cultural da Editora Lestu, aprovada pela Pol\u00edtica Nacional Aldir Blanc (PNAB [&hellip;]","og_url":"https:\/\/lestu.com.br\/projetos\/grafithe\/oficina-de-graffiti-no-dirceu-arcoverde-amplia-o-dialogo-entre-arte-urbana-e-educacao\/","og_site_name":"Editora Lestu - Projeto Grafi-The","article_author":"https:\/\/www.facebook.com\/editora.lestu\/","article_published_time":"2025-11-08T19:58:42+00:00","article_modified_time":"2025-12-03T18:44:10+00:00","og_image":[{"width":2560,"height":1920,"url":"https:\/\/lestu.com.br\/projetos\/grafithe\/wp-content\/uploads\/2025\/11\/IMG_4563-scaled.webp","type":"image\/webp"}],"author":"Editora Lestu","twitter_card":"summary_large_image","twitter_misc":{"Escrito por":"Editora Lestu","Est. tempo de leitura":"8 minutos"},"schema":{"@context":"https:\/\/schema.org","@graph":[{"@type":"WebPage","@id":"https:\/\/lestu.com.br\/projetos\/grafithe\/oficina-de-graffiti-no-dirceu-arcoverde-amplia-o-dialogo-entre-arte-urbana-e-educacao\/","url":"https:\/\/lestu.com.br\/projetos\/grafithe\/oficina-de-graffiti-no-dirceu-arcoverde-amplia-o-dialogo-entre-arte-urbana-e-educacao\/","name":"Oficina de Graffiti no Dirceu Arcoverde amplia o di\u00e1logo entre arte urbana e educa\u00e7\u00e3o - Editora Lestu - Projeto Grafi-The","isPartOf":{"@id":"https:\/\/lestu.com.br\/projetos\/grafithe\/#website"},"primaryImageOfPage":{"@id":"https:\/\/lestu.com.br\/projetos\/grafithe\/oficina-de-graffiti-no-dirceu-arcoverde-amplia-o-dialogo-entre-arte-urbana-e-educacao\/#primaryimage"},"image":{"@id":"https:\/\/lestu.com.br\/projetos\/grafithe\/oficina-de-graffiti-no-dirceu-arcoverde-amplia-o-dialogo-entre-arte-urbana-e-educacao\/#primaryimage"},"thumbnailUrl":"https:\/\/lestu.com.br\/projetos\/grafithe\/wp-content\/uploads\/2025\/11\/IMG_4563-scaled.webp","datePublished":"2025-11-08T19:58:42+00:00","dateModified":"2025-12-03T18:44:10+00:00","author":{"@id":"https:\/\/lestu.com.br\/projetos\/grafithe\/#\/schema\/person\/bb98e4f5653bf9c61e4a99592ac756a8"},"breadcrumb":{"@id":"https:\/\/lestu.com.br\/projetos\/grafithe\/oficina-de-graffiti-no-dirceu-arcoverde-amplia-o-dialogo-entre-arte-urbana-e-educacao\/#breadcrumb"},"inLanguage":"pt-BR","potentialAction":[{"@type":"ReadAction","target":["https:\/\/lestu.com.br\/projetos\/grafithe\/oficina-de-graffiti-no-dirceu-arcoverde-amplia-o-dialogo-entre-arte-urbana-e-educacao\/"]}]},{"@type":"ImageObject","inLanguage":"pt-BR","@id":"https:\/\/lestu.com.br\/projetos\/grafithe\/oficina-de-graffiti-no-dirceu-arcoverde-amplia-o-dialogo-entre-arte-urbana-e-educacao\/#primaryimage","url":"https:\/\/lestu.com.br\/projetos\/grafithe\/wp-content\/uploads\/2025\/11\/IMG_4563-scaled.webp","contentUrl":"https:\/\/lestu.com.br\/projetos\/grafithe\/wp-content\/uploads\/2025\/11\/IMG_4563-scaled.webp","width":2560,"height":1920},{"@type":"BreadcrumbList","@id":"https:\/\/lestu.com.br\/projetos\/grafithe\/oficina-de-graffiti-no-dirceu-arcoverde-amplia-o-dialogo-entre-arte-urbana-e-educacao\/#breadcrumb","itemListElement":[{"@type":"ListItem","position":1,"name":"In\u00edcio","item":"https:\/\/lestu.com.br\/projetos\/grafithe\/"},{"@type":"ListItem","position":2,"name":"Oficina de Graffiti no Dirceu Arcoverde amplia o di\u00e1logo entre arte urbana e educa\u00e7\u00e3o"}]},{"@type":"WebSite","@id":"https:\/\/lestu.com.br\/projetos\/grafithe\/#website","url":"https:\/\/lestu.com.br\/projetos\/grafithe\/","name":"Editora Lestu - Projeto Grafi-The","description":"","potentialAction":[{"@type":"SearchAction","target":{"@type":"EntryPoint","urlTemplate":"https:\/\/lestu.com.br\/projetos\/grafithe\/?s={search_term_string}"},"query-input":{"@type":"PropertyValueSpecification","valueRequired":true,"valueName":"search_term_string"}}],"inLanguage":"pt-BR"},{"@type":"Person","@id":"https:\/\/lestu.com.br\/projetos\/grafithe\/#\/schema\/person\/bb98e4f5653bf9c61e4a99592ac756a8","name":"Editora Lestu","image":{"@type":"ImageObject","inLanguage":"pt-BR","@id":"https:\/\/lestu.com.br\/projetos\/grafithe\/#\/schema\/person\/image\/","url":"https:\/\/secure.gravatar.com\/avatar\/bef44b1623c44471fbedfe71d019476467ecbab9e0040ec619227b368cf89305?s=96&d=mm&r=g","contentUrl":"https:\/\/secure.gravatar.com\/avatar\/bef44b1623c44471fbedfe71d019476467ecbab9e0040ec619227b368cf89305?s=96&d=mm&r=g","caption":"Editora Lestu"},"sameAs":["https:\/\/lestu.com.br\/","https:\/\/www.facebook.com\/editora.lestu\/","@lestu_editora"],"url":"https:\/\/lestu.com.br\/projetos\/grafithe\/author\/lestu\/"}]}},"_links":{"self":[{"href":"https:\/\/lestu.com.br\/projetos\/grafithe\/wp-json\/wp\/v2\/posts\/1337","targetHints":{"allow":["GET"]}}],"collection":[{"href":"https:\/\/lestu.com.br\/projetos\/grafithe\/wp-json\/wp\/v2\/posts"}],"about":[{"href":"https:\/\/lestu.com.br\/projetos\/grafithe\/wp-json\/wp\/v2\/types\/post"}],"author":[{"embeddable":true,"href":"https:\/\/lestu.com.br\/projetos\/grafithe\/wp-json\/wp\/v2\/users\/2"}],"replies":[{"embeddable":true,"href":"https:\/\/lestu.com.br\/projetos\/grafithe\/wp-json\/wp\/v2\/comments?post=1337"}],"version-history":[{"count":0,"href":"https:\/\/lestu.com.br\/projetos\/grafithe\/wp-json\/wp\/v2\/posts\/1337\/revisions"}],"wp:featuredmedia":[{"embeddable":true,"href":"https:\/\/lestu.com.br\/projetos\/grafithe\/wp-json\/wp\/v2\/media\/1350"}],"wp:attachment":[{"href":"https:\/\/lestu.com.br\/projetos\/grafithe\/wp-json\/wp\/v2\/media?parent=1337"}],"wp:term":[{"taxonomy":"category","embeddable":true,"href":"https:\/\/lestu.com.br\/projetos\/grafithe\/wp-json\/wp\/v2\/categories?post=1337"},{"taxonomy":"post_tag","embeddable":true,"href":"https:\/\/lestu.com.br\/projetos\/grafithe\/wp-json\/wp\/v2\/tags?post=1337"}],"curies":[{"name":"wp","href":"https:\/\/api.w.org\/{rel}","templated":true}]}}