{"id":1368,"date":"2025-11-08T17:05:41","date_gmt":"2025-11-08T20:05:41","guid":{"rendered":"https:\/\/lestu.com.br\/projetos\/grafithe\/?p=1368"},"modified":"2025-12-03T15:47:46","modified_gmt":"2025-12-03T18:47:46","slug":"1368-2","status":"publish","type":"post","link":"https:\/\/lestu.com.br\/projetos\/grafithe\/1368-2\/","title":{"rendered":"Oficina de Graffiti no Angelim amplia o di\u00e1logo entre arte urbana e educa\u00e7\u00e3o"},"content":{"rendered":"\n<h3 class=\"wp-block-heading\">Arte e educa\u00e7\u00e3o em di\u00e1logo no Angelim<\/h3>\n\n\n\n<p>No bairro Angelim, zona sul de Teresina, a Unidade Escolar Professora Osmarina recebeu, no dia 13 de outubro de 2025, a quarta oficina de graffiti do Projeto Grafi-The \u2014 iniciativa cultural da Editora Lestu, aprovada pela Pol\u00edtica Nacional Aldir Blanc (PNAB 2024). A atividade foi conduzida pelos artistas Eduardo Alem\u00e3o, do coletivo VDC (Vai Dar Certo), e San\u00e1 Costa, ambos reconhecidos por sua atua\u00e7\u00e3o no cen\u00e1rio piauiense. A oficina reuniu estudantes, professores e membros da comunidade em uma imers\u00e3o sobre as m\u00faltiplas dimens\u00f5es da arte urbana. Em um clima de troca e curiosidade, os participantes refletiram sobre o papel do graffiti como linguagem art\u00edstica, social e pol\u00edtica, capaz de aproximar diferentes gera\u00e7\u00f5es e de transformar o espa\u00e7o escolar em territ\u00f3rio de cria\u00e7\u00e3o.<\/p>\n\n\n\n<h3 class=\"wp-block-heading\">Do conceito \u00e0 pr\u00e1tica: aprendendo com o graffiti<\/h3>\n\n\n\n<p>A oficina integrou conte\u00fados te\u00f3ricos e pr\u00e1ticos, abordando a hist\u00f3ria do graffiti, suas origens nos movimentos de resist\u00eancia urbana e as t\u00e9cnicas que comp\u00f5em sua est\u00e9tica contempor\u00e2nea. Os alunos aprenderam sobre lettering no estilo <em>bomb<\/em>, utilizando l\u00e1pis de cor e de cera para explorar sombreamento e contraste, e, em seguida, praticaram o uso de <strong>stencil<\/strong> e <strong>spray<\/strong> para a cria\u00e7\u00e3o de composi\u00e7\u00f5es em grande escala. Nas falas dos instrutores, destacou-se a import\u00e2ncia de compreender o graffiti como uma arte de planejamento e intui\u00e7\u00e3o, onde \u201co dom\u00ednio dos materiais vem com o tempo e com a experimenta\u00e7\u00e3o\u201d, conforme enfatizado na apostila do Projeto Grafi-The. A presen\u00e7a ativa dos educadores da escola ampliou o car\u00e1ter pedag\u00f3gico da experi\u00eancia, estimulando o di\u00e1logo entre arte, cultura e curr\u00edculo.<\/p>\n\n\n\n<h3 class=\"wp-block-heading\">O muro como espa\u00e7o de cria\u00e7\u00e3o coletiva<\/h3>\n\n\n\n<p>O encerramento da oficina foi marcado pela pintura de um painel coletivo nos arredores da escola, unindo estudantes e artistas em um processo de cria\u00e7\u00e3o conjunta. A obra, composta por elementos org\u00e2nicos, letras estilizadas e cores vibrantes, representou o olhar da comunidade sobre sua pr\u00f3pria realidade. O uso combinado de tinta l\u00e1tex, pinc\u00e9is e spray permitiu aos participantes experimentar diferentes camadas e texturas, transformando o muro em um espa\u00e7o simb\u00f3lico de express\u00e3o e pertencimento. A atividade reafirmou o compromisso do Projeto Grafi-The em democratizar o acesso \u00e0 arte urbana e fortalecer a dimens\u00e3o educativa do graffiti como ferramenta de reflex\u00e3o cr\u00edtica, mem\u00f3ria coletiva e cidadania cultural.<\/p>\n\n\n\n<figure class=\"wp-block-gallery has-nested-images columns-default is-cropped wp-block-gallery-1 is-layout-flex wp-block-gallery-is-layout-flex\">\n<figure class=\"wp-block-image size-large\"><img fetchpriority=\"high\" decoding=\"async\" width=\"2560\" height=\"1440\" data-id=\"1383\" src=\"https:\/\/lestu.com.br\/projetos\/grafithe\/wp-content\/uploads\/2025\/11\/IMG_6229-scaled.webp\" alt=\"\" class=\"wp-image-1383\"\/><\/figure>\n\n\n\n<figure class=\"wp-block-image size-large\"><img decoding=\"async\" width=\"2560\" height=\"1440\" data-id=\"1385\" src=\"https:\/\/lestu.com.br\/projetos\/grafithe\/wp-content\/uploads\/2025\/11\/IMG_6251-scaled.webp\" alt=\"\" class=\"wp-image-1385\"\/><\/figure>\n\n\n\n<figure class=\"wp-block-image size-large\"><img decoding=\"async\" width=\"2560\" height=\"1440\" data-id=\"1386\" src=\"https:\/\/lestu.com.br\/projetos\/grafithe\/wp-content\/uploads\/2025\/11\/IMG_6260-scaled.webp\" alt=\"\" class=\"wp-image-1386\"\/><\/figure>\n\n\n\n<figure class=\"wp-block-image size-large\"><img loading=\"lazy\" decoding=\"async\" width=\"2560\" height=\"1440\" data-id=\"1387\" src=\"https:\/\/lestu.com.br\/projetos\/grafithe\/wp-content\/uploads\/2025\/11\/IMG_6265-scaled.webp\" alt=\"\" class=\"wp-image-1387\"\/><\/figure>\n\n\n\n<figure class=\"wp-block-image size-large\"><img loading=\"lazy\" decoding=\"async\" width=\"2560\" height=\"1440\" data-id=\"1398\" src=\"https:\/\/lestu.com.br\/projetos\/grafithe\/wp-content\/uploads\/2025\/11\/IMG_6308-scaled.webp\" alt=\"\" class=\"wp-image-1398\"\/><\/figure>\n\n\n\n<figure class=\"wp-block-image size-large\"><img loading=\"lazy\" decoding=\"async\" width=\"2560\" height=\"1440\" data-id=\"1397\" src=\"https:\/\/lestu.com.br\/projetos\/grafithe\/wp-content\/uploads\/2025\/11\/IMG_6304-scaled.webp\" alt=\"\" class=\"wp-image-1397\"\/><\/figure>\n\n\n\n<figure class=\"wp-block-image size-large\"><img loading=\"lazy\" decoding=\"async\" width=\"2560\" height=\"1440\" data-id=\"1395\" src=\"https:\/\/lestu.com.br\/projetos\/grafithe\/wp-content\/uploads\/2025\/11\/IMG_6302-scaled.webp\" alt=\"\" class=\"wp-image-1395\"\/><\/figure>\n\n\n\n<figure class=\"wp-block-image size-large\"><img loading=\"lazy\" decoding=\"async\" width=\"2560\" height=\"1440\" data-id=\"1394\" src=\"https:\/\/lestu.com.br\/projetos\/grafithe\/wp-content\/uploads\/2025\/11\/IMG_6300-scaled.webp\" alt=\"\" class=\"wp-image-1394\"\/><\/figure>\n\n\n\n<figure class=\"wp-block-image size-large\"><img loading=\"lazy\" decoding=\"async\" width=\"2560\" height=\"1440\" data-id=\"1393\" src=\"https:\/\/lestu.com.br\/projetos\/grafithe\/wp-content\/uploads\/2025\/11\/IMG_6299-scaled.webp\" alt=\"\" class=\"wp-image-1393\"\/><\/figure>\n\n\n\n<figure class=\"wp-block-image size-large\"><img loading=\"lazy\" decoding=\"async\" width=\"2560\" height=\"1440\" data-id=\"1392\" src=\"https:\/\/lestu.com.br\/projetos\/grafithe\/wp-content\/uploads\/2025\/11\/IMG_6297-scaled.webp\" alt=\"\" class=\"wp-image-1392\"\/><\/figure>\n\n\n\n<figure class=\"wp-block-image size-large\"><img loading=\"lazy\" decoding=\"async\" width=\"2560\" height=\"1440\" data-id=\"1391\" src=\"https:\/\/lestu.com.br\/projetos\/grafithe\/wp-content\/uploads\/2025\/11\/IMG_6276-scaled.webp\" alt=\"\" class=\"wp-image-1391\"\/><\/figure>\n\n\n\n<figure class=\"wp-block-image size-large\"><img loading=\"lazy\" decoding=\"async\" width=\"2560\" height=\"1440\" data-id=\"1390\" src=\"https:\/\/lestu.com.br\/projetos\/grafithe\/wp-content\/uploads\/2025\/11\/IMG_6272-scaled.webp\" alt=\"\" class=\"wp-image-1390\"\/><\/figure>\n\n\n\n<figure class=\"wp-block-image size-large\"><img loading=\"lazy\" decoding=\"async\" width=\"2560\" height=\"1440\" data-id=\"1389\" src=\"https:\/\/lestu.com.br\/projetos\/grafithe\/wp-content\/uploads\/2025\/11\/IMG_6271-scaled.webp\" alt=\"\" class=\"wp-image-1389\"\/><\/figure>\n\n\n\n<figure class=\"wp-block-image size-large\"><img loading=\"lazy\" decoding=\"async\" width=\"2560\" height=\"1440\" data-id=\"1372\" src=\"https:\/\/lestu.com.br\/projetos\/grafithe\/wp-content\/uploads\/2025\/11\/IMG_6329-scaled.webp\" alt=\"\" class=\"wp-image-1372\"\/><\/figure>\n\n\n\n<figure class=\"wp-block-image size-large\"><img loading=\"lazy\" decoding=\"async\" width=\"2560\" height=\"1440\" data-id=\"1371\" src=\"https:\/\/lestu.com.br\/projetos\/grafithe\/wp-content\/uploads\/2025\/11\/IMG_6312-scaled.webp\" alt=\"\" class=\"wp-image-1371\"\/><\/figure>\n\n\n\n<figure class=\"wp-block-image size-large\"><img loading=\"lazy\" decoding=\"async\" width=\"2560\" height=\"1440\" data-id=\"1373\" src=\"https:\/\/lestu.com.br\/projetos\/grafithe\/wp-content\/uploads\/2025\/11\/IMG_6330-scaled.webp\" alt=\"\" class=\"wp-image-1373\"\/><\/figure>\n\n\n\n<figure class=\"wp-block-image size-large\"><img loading=\"lazy\" decoding=\"async\" width=\"2560\" height=\"1440\" data-id=\"1378\" src=\"https:\/\/lestu.com.br\/projetos\/grafithe\/wp-content\/uploads\/2025\/11\/IMG_6342-scaled.webp\" alt=\"\" class=\"wp-image-1378\"\/><\/figure>\n\n\n\n<figure class=\"wp-block-image size-large\"><img loading=\"lazy\" decoding=\"async\" width=\"2560\" height=\"1440\" data-id=\"1375\" src=\"https:\/\/lestu.com.br\/projetos\/grafithe\/wp-content\/uploads\/2025\/11\/IMG_6332-scaled.webp\" alt=\"\" class=\"wp-image-1375\"\/><\/figure>\n\n\n\n<figure class=\"wp-block-image size-large\"><img loading=\"lazy\" decoding=\"async\" width=\"2560\" height=\"1440\" data-id=\"1376\" src=\"https:\/\/lestu.com.br\/projetos\/grafithe\/wp-content\/uploads\/2025\/11\/IMG_6338-scaled.webp\" alt=\"\" class=\"wp-image-1376\"\/><\/figure>\n\n\n\n<figure class=\"wp-block-image size-large\"><img loading=\"lazy\" decoding=\"async\" width=\"2560\" height=\"1440\" data-id=\"1379\" src=\"https:\/\/lestu.com.br\/projetos\/grafithe\/wp-content\/uploads\/2025\/11\/IMG_6346-scaled.webp\" alt=\"\" class=\"wp-image-1379\"\/><\/figure>\n\n\n\n<figure class=\"wp-block-image size-large\"><img loading=\"lazy\" decoding=\"async\" width=\"2560\" height=\"1440\" data-id=\"1374\" src=\"https:\/\/lestu.com.br\/projetos\/grafithe\/wp-content\/uploads\/2025\/11\/IMG_6331-scaled.webp\" alt=\"\" class=\"wp-image-1374\"\/><\/figure>\n\n\n\n<figure class=\"wp-block-image size-large\"><img loading=\"lazy\" decoding=\"async\" width=\"2560\" height=\"1440\" data-id=\"1382\" src=\"https:\/\/lestu.com.br\/projetos\/grafithe\/wp-content\/uploads\/2025\/11\/IMG_6351-scaled.webp\" alt=\"\" class=\"wp-image-1382\"\/><\/figure>\n<\/figure>\n","protected":false},"excerpt":{"rendered":"<p>Arte e educa\u00e7\u00e3o em di\u00e1logo no Angelim No bairro Angelim, zona sul de Teresina, a Unidade Escolar Professora Osmarina recebeu, no dia 13 de outubro de 2025, a quarta oficina de graffiti do Projeto Grafi-The \u2014 iniciativa cultural da Editora Lestu, aprovada pela Pol\u00edtica Nacional Aldir Blanc (PNAB 2024). A atividade foi conduzida pelos artistas [&hellip;]<\/p>\n","protected":false},"author":2,"featured_media":1389,"comment_status":"open","ping_status":"open","sticky":false,"template":"","format":"standard","meta":{"footnotes":""},"categories":[1],"tags":[],"class_list":["post-1368","post","type-post","status-publish","format-standard","has-post-thumbnail","hentry","category-noticias"],"yoast_head":"<!-- This site is optimized with the Yoast SEO plugin v26.5 - https:\/\/yoast.com\/wordpress\/plugins\/seo\/ -->\n<title>Oficina de Graffiti no Angelim amplia o di\u00e1logo entre arte urbana e educa\u00e7\u00e3o - Editora Lestu - Projeto Grafi-The<\/title>\n<meta name=\"robots\" content=\"index, follow, max-snippet:-1, max-image-preview:large, max-video-preview:-1\" \/>\n<link rel=\"canonical\" href=\"https:\/\/lestu.com.br\/projetos\/grafithe\/1368-2\/\" \/>\n<meta property=\"og:locale\" content=\"pt_BR\" \/>\n<meta property=\"og:type\" content=\"article\" \/>\n<meta property=\"og:title\" content=\"Oficina de Graffiti no Angelim amplia o di\u00e1logo entre arte urbana e educa\u00e7\u00e3o - Editora Lestu - Projeto Grafi-The\" \/>\n<meta property=\"og:description\" content=\"Arte e educa\u00e7\u00e3o em di\u00e1logo no Angelim No bairro Angelim, zona sul de Teresina, a Unidade Escolar Professora Osmarina recebeu, no dia 13 de outubro de 2025, a quarta oficina de graffiti do Projeto Grafi-The \u2014 iniciativa cultural da Editora Lestu, aprovada pela Pol\u00edtica Nacional Aldir Blanc (PNAB 2024). A atividade foi conduzida pelos artistas [&hellip;]\" \/>\n<meta property=\"og:url\" content=\"https:\/\/lestu.com.br\/projetos\/grafithe\/1368-2\/\" \/>\n<meta property=\"og:site_name\" content=\"Editora Lestu - Projeto Grafi-The\" \/>\n<meta property=\"article:author\" content=\"https:\/\/www.facebook.com\/editora.lestu\/\" \/>\n<meta property=\"article:published_time\" content=\"2025-11-08T20:05:41+00:00\" \/>\n<meta property=\"article:modified_time\" content=\"2025-12-03T18:47:46+00:00\" \/>\n<meta property=\"og:image\" content=\"https:\/\/lestu.com.br\/projetos\/grafithe\/wp-content\/uploads\/2025\/11\/IMG_6271-scaled.webp\" \/>\n\t<meta property=\"og:image:width\" content=\"2560\" \/>\n\t<meta property=\"og:image:height\" content=\"1440\" \/>\n\t<meta property=\"og:image:type\" content=\"image\/webp\" \/>\n<meta name=\"author\" content=\"Editora Lestu\" \/>\n<meta name=\"twitter:card\" content=\"summary_large_image\" \/>\n<meta name=\"twitter:label1\" content=\"Escrito por\" \/>\n\t<meta name=\"twitter:data1\" content=\"Editora Lestu\" \/>\n\t<meta name=\"twitter:label2\" content=\"Est. tempo de leitura\" \/>\n\t<meta name=\"twitter:data2\" content=\"7 minutos\" \/>\n<script type=\"application\/ld+json\" class=\"yoast-schema-graph\">{\"@context\":\"https:\/\/schema.org\",\"@graph\":[{\"@type\":\"WebPage\",\"@id\":\"https:\/\/lestu.com.br\/projetos\/grafithe\/1368-2\/\",\"url\":\"https:\/\/lestu.com.br\/projetos\/grafithe\/1368-2\/\",\"name\":\"Oficina de Graffiti no Angelim amplia o di\u00e1logo entre arte urbana e educa\u00e7\u00e3o - Editora Lestu - Projeto Grafi-The\",\"isPartOf\":{\"@id\":\"https:\/\/lestu.com.br\/projetos\/grafithe\/#website\"},\"primaryImageOfPage\":{\"@id\":\"https:\/\/lestu.com.br\/projetos\/grafithe\/1368-2\/#primaryimage\"},\"image\":{\"@id\":\"https:\/\/lestu.com.br\/projetos\/grafithe\/1368-2\/#primaryimage\"},\"thumbnailUrl\":\"https:\/\/lestu.com.br\/projetos\/grafithe\/wp-content\/uploads\/2025\/11\/IMG_6271-scaled.webp\",\"datePublished\":\"2025-11-08T20:05:41+00:00\",\"dateModified\":\"2025-12-03T18:47:46+00:00\",\"author\":{\"@id\":\"https:\/\/lestu.com.br\/projetos\/grafithe\/#\/schema\/person\/bb98e4f5653bf9c61e4a99592ac756a8\"},\"breadcrumb\":{\"@id\":\"https:\/\/lestu.com.br\/projetos\/grafithe\/1368-2\/#breadcrumb\"},\"inLanguage\":\"pt-BR\",\"potentialAction\":[{\"@type\":\"ReadAction\",\"target\":[\"https:\/\/lestu.com.br\/projetos\/grafithe\/1368-2\/\"]}]},{\"@type\":\"ImageObject\",\"inLanguage\":\"pt-BR\",\"@id\":\"https:\/\/lestu.com.br\/projetos\/grafithe\/1368-2\/#primaryimage\",\"url\":\"https:\/\/lestu.com.br\/projetos\/grafithe\/wp-content\/uploads\/2025\/11\/IMG_6271-scaled.webp\",\"contentUrl\":\"https:\/\/lestu.com.br\/projetos\/grafithe\/wp-content\/uploads\/2025\/11\/IMG_6271-scaled.webp\",\"width\":2560,\"height\":1440},{\"@type\":\"BreadcrumbList\",\"@id\":\"https:\/\/lestu.com.br\/projetos\/grafithe\/1368-2\/#breadcrumb\",\"itemListElement\":[{\"@type\":\"ListItem\",\"position\":1,\"name\":\"In\u00edcio\",\"item\":\"https:\/\/lestu.com.br\/projetos\/grafithe\/\"},{\"@type\":\"ListItem\",\"position\":2,\"name\":\"Oficina de Graffiti no Angelim amplia o di\u00e1logo entre arte urbana e educa\u00e7\u00e3o\"}]},{\"@type\":\"WebSite\",\"@id\":\"https:\/\/lestu.com.br\/projetos\/grafithe\/#website\",\"url\":\"https:\/\/lestu.com.br\/projetos\/grafithe\/\",\"name\":\"Editora Lestu - Projeto Grafi-The\",\"description\":\"\",\"potentialAction\":[{\"@type\":\"SearchAction\",\"target\":{\"@type\":\"EntryPoint\",\"urlTemplate\":\"https:\/\/lestu.com.br\/projetos\/grafithe\/?s={search_term_string}\"},\"query-input\":{\"@type\":\"PropertyValueSpecification\",\"valueRequired\":true,\"valueName\":\"search_term_string\"}}],\"inLanguage\":\"pt-BR\"},{\"@type\":\"Person\",\"@id\":\"https:\/\/lestu.com.br\/projetos\/grafithe\/#\/schema\/person\/bb98e4f5653bf9c61e4a99592ac756a8\",\"name\":\"Editora Lestu\",\"image\":{\"@type\":\"ImageObject\",\"inLanguage\":\"pt-BR\",\"@id\":\"https:\/\/lestu.com.br\/projetos\/grafithe\/#\/schema\/person\/image\/\",\"url\":\"https:\/\/secure.gravatar.com\/avatar\/bef44b1623c44471fbedfe71d019476467ecbab9e0040ec619227b368cf89305?s=96&d=mm&r=g\",\"contentUrl\":\"https:\/\/secure.gravatar.com\/avatar\/bef44b1623c44471fbedfe71d019476467ecbab9e0040ec619227b368cf89305?s=96&d=mm&r=g\",\"caption\":\"Editora Lestu\"},\"sameAs\":[\"https:\/\/lestu.com.br\/\",\"https:\/\/www.facebook.com\/editora.lestu\/\",\"@lestu_editora\"],\"url\":\"https:\/\/lestu.com.br\/projetos\/grafithe\/author\/lestu\/\"}]}<\/script>\n<!-- \/ Yoast SEO plugin. -->","yoast_head_json":{"title":"Oficina de Graffiti no Angelim amplia o di\u00e1logo entre arte urbana e educa\u00e7\u00e3o - Editora Lestu - Projeto Grafi-The","robots":{"index":"index","follow":"follow","max-snippet":"max-snippet:-1","max-image-preview":"max-image-preview:large","max-video-preview":"max-video-preview:-1"},"canonical":"https:\/\/lestu.com.br\/projetos\/grafithe\/1368-2\/","og_locale":"pt_BR","og_type":"article","og_title":"Oficina de Graffiti no Angelim amplia o di\u00e1logo entre arte urbana e educa\u00e7\u00e3o - Editora Lestu - Projeto Grafi-The","og_description":"Arte e educa\u00e7\u00e3o em di\u00e1logo no Angelim No bairro Angelim, zona sul de Teresina, a Unidade Escolar Professora Osmarina recebeu, no dia 13 de outubro de 2025, a quarta oficina de graffiti do Projeto Grafi-The \u2014 iniciativa cultural da Editora Lestu, aprovada pela Pol\u00edtica Nacional Aldir Blanc (PNAB 2024). A atividade foi conduzida pelos artistas [&hellip;]","og_url":"https:\/\/lestu.com.br\/projetos\/grafithe\/1368-2\/","og_site_name":"Editora Lestu - Projeto Grafi-The","article_author":"https:\/\/www.facebook.com\/editora.lestu\/","article_published_time":"2025-11-08T20:05:41+00:00","article_modified_time":"2025-12-03T18:47:46+00:00","og_image":[{"width":2560,"height":1440,"url":"https:\/\/lestu.com.br\/projetos\/grafithe\/wp-content\/uploads\/2025\/11\/IMG_6271-scaled.webp","type":"image\/webp"}],"author":"Editora Lestu","twitter_card":"summary_large_image","twitter_misc":{"Escrito por":"Editora Lestu","Est. tempo de leitura":"7 minutos"},"schema":{"@context":"https:\/\/schema.org","@graph":[{"@type":"WebPage","@id":"https:\/\/lestu.com.br\/projetos\/grafithe\/1368-2\/","url":"https:\/\/lestu.com.br\/projetos\/grafithe\/1368-2\/","name":"Oficina de Graffiti no Angelim amplia o di\u00e1logo entre arte urbana e educa\u00e7\u00e3o - Editora Lestu - Projeto Grafi-The","isPartOf":{"@id":"https:\/\/lestu.com.br\/projetos\/grafithe\/#website"},"primaryImageOfPage":{"@id":"https:\/\/lestu.com.br\/projetos\/grafithe\/1368-2\/#primaryimage"},"image":{"@id":"https:\/\/lestu.com.br\/projetos\/grafithe\/1368-2\/#primaryimage"},"thumbnailUrl":"https:\/\/lestu.com.br\/projetos\/grafithe\/wp-content\/uploads\/2025\/11\/IMG_6271-scaled.webp","datePublished":"2025-11-08T20:05:41+00:00","dateModified":"2025-12-03T18:47:46+00:00","author":{"@id":"https:\/\/lestu.com.br\/projetos\/grafithe\/#\/schema\/person\/bb98e4f5653bf9c61e4a99592ac756a8"},"breadcrumb":{"@id":"https:\/\/lestu.com.br\/projetos\/grafithe\/1368-2\/#breadcrumb"},"inLanguage":"pt-BR","potentialAction":[{"@type":"ReadAction","target":["https:\/\/lestu.com.br\/projetos\/grafithe\/1368-2\/"]}]},{"@type":"ImageObject","inLanguage":"pt-BR","@id":"https:\/\/lestu.com.br\/projetos\/grafithe\/1368-2\/#primaryimage","url":"https:\/\/lestu.com.br\/projetos\/grafithe\/wp-content\/uploads\/2025\/11\/IMG_6271-scaled.webp","contentUrl":"https:\/\/lestu.com.br\/projetos\/grafithe\/wp-content\/uploads\/2025\/11\/IMG_6271-scaled.webp","width":2560,"height":1440},{"@type":"BreadcrumbList","@id":"https:\/\/lestu.com.br\/projetos\/grafithe\/1368-2\/#breadcrumb","itemListElement":[{"@type":"ListItem","position":1,"name":"In\u00edcio","item":"https:\/\/lestu.com.br\/projetos\/grafithe\/"},{"@type":"ListItem","position":2,"name":"Oficina de Graffiti no Angelim amplia o di\u00e1logo entre arte urbana e educa\u00e7\u00e3o"}]},{"@type":"WebSite","@id":"https:\/\/lestu.com.br\/projetos\/grafithe\/#website","url":"https:\/\/lestu.com.br\/projetos\/grafithe\/","name":"Editora Lestu - Projeto Grafi-The","description":"","potentialAction":[{"@type":"SearchAction","target":{"@type":"EntryPoint","urlTemplate":"https:\/\/lestu.com.br\/projetos\/grafithe\/?s={search_term_string}"},"query-input":{"@type":"PropertyValueSpecification","valueRequired":true,"valueName":"search_term_string"}}],"inLanguage":"pt-BR"},{"@type":"Person","@id":"https:\/\/lestu.com.br\/projetos\/grafithe\/#\/schema\/person\/bb98e4f5653bf9c61e4a99592ac756a8","name":"Editora Lestu","image":{"@type":"ImageObject","inLanguage":"pt-BR","@id":"https:\/\/lestu.com.br\/projetos\/grafithe\/#\/schema\/person\/image\/","url":"https:\/\/secure.gravatar.com\/avatar\/bef44b1623c44471fbedfe71d019476467ecbab9e0040ec619227b368cf89305?s=96&d=mm&r=g","contentUrl":"https:\/\/secure.gravatar.com\/avatar\/bef44b1623c44471fbedfe71d019476467ecbab9e0040ec619227b368cf89305?s=96&d=mm&r=g","caption":"Editora Lestu"},"sameAs":["https:\/\/lestu.com.br\/","https:\/\/www.facebook.com\/editora.lestu\/","@lestu_editora"],"url":"https:\/\/lestu.com.br\/projetos\/grafithe\/author\/lestu\/"}]}},"_links":{"self":[{"href":"https:\/\/lestu.com.br\/projetos\/grafithe\/wp-json\/wp\/v2\/posts\/1368","targetHints":{"allow":["GET"]}}],"collection":[{"href":"https:\/\/lestu.com.br\/projetos\/grafithe\/wp-json\/wp\/v2\/posts"}],"about":[{"href":"https:\/\/lestu.com.br\/projetos\/grafithe\/wp-json\/wp\/v2\/types\/post"}],"author":[{"embeddable":true,"href":"https:\/\/lestu.com.br\/projetos\/grafithe\/wp-json\/wp\/v2\/users\/2"}],"replies":[{"embeddable":true,"href":"https:\/\/lestu.com.br\/projetos\/grafithe\/wp-json\/wp\/v2\/comments?post=1368"}],"version-history":[{"count":0,"href":"https:\/\/lestu.com.br\/projetos\/grafithe\/wp-json\/wp\/v2\/posts\/1368\/revisions"}],"wp:featuredmedia":[{"embeddable":true,"href":"https:\/\/lestu.com.br\/projetos\/grafithe\/wp-json\/wp\/v2\/media\/1389"}],"wp:attachment":[{"href":"https:\/\/lestu.com.br\/projetos\/grafithe\/wp-json\/wp\/v2\/media?parent=1368"}],"wp:term":[{"taxonomy":"category","embeddable":true,"href":"https:\/\/lestu.com.br\/projetos\/grafithe\/wp-json\/wp\/v2\/categories?post=1368"},{"taxonomy":"post_tag","embeddable":true,"href":"https:\/\/lestu.com.br\/projetos\/grafithe\/wp-json\/wp\/v2\/tags?post=1368"}],"curies":[{"name":"wp","href":"https:\/\/api.w.org\/{rel}","templated":true}]}}